[{"@context":"https:\/\/schema.org\/","@type":"Article","@id":"https:\/\/www.ginko.cz\/dana-drabova\/#Article","mainEntityOfPage":"https:\/\/www.ginko.cz\/dana-drabova\/","headline":"Dana Dr\u00e1bov\u00e1","name":"Dana Dr\u00e1bov\u00e1","description":"Ing. Dana Dr\u00e1bov\u00e1, PhD., dr.h.c. mult. , \u010desk\u00e1 jadern\u00e1 in\u017een\u00fdrka se narodila 3. \u010dervna 1961 v Praze. Po absolvov\u00e1n\u00ed gymn\u00e1zia ve studiu pokra\u010dovala. V\u00a0letech 1980-1985 absolvovala Fakultu jadernou a fyzik\u00e1ln\u011b in\u017een\u00fdrskou \u010cVUT. V oboru dozimetrie a aplikaci ionizuj\u00edc\u00edho z\u00e1\u0159en\u00ed. Doktorsk\u00e9 studium v oboru jadern\u00e1 fyzika ukon\u010dila v roce 2000. Pot\u00e9 pracovala\u00a0ve funkci\u00a0\u0159editelky\u00a0St\u00e1tn\u00edho \u00fastavu radia\u010dn\u00ed ochrany a posl\u00e9ze byla\u00a0zvolena do \u010dela St\u00e1tn\u00edho \u00fa\u0159adu pro jadernou bezpe\u010dnost. V listopadu roku 2006 nastupuje na t\u0159i roky do funkce p\u0159edsedkyn\u011b\u00a0Asociace z\u00e1padoevropsk\u00fdch jadern\u00fdch dozor\u016f. Pro svoje pevn\u00e9 v\u011bdeck\u00e9 postoje se stala v sou\u010dasn\u00e9 dob\u011b jednou z nejuzn\u00e1van\u011bj\u0161\u00edch osobnost\u00ed. Kter\u00e1 \u010dasto p\u0159edn\u00e1\u0161\u00ed o nutnosti kritick\u00e9ho my\u0161len\u00ed a snaze co nejv\u011bt\u0161\u00edho pochopen\u00ed ve vztahu lid\u00ed nejen k p\u0159\u00edrod\u011b. Ale i k cel\u00e9mu sv\u011btu. Co\u017e p\u0159edev\u0161\u00edm mlad\u00ed lid\u00e9 mus\u00ed pochopit a p\u0159ijat za sv\u00e9.\u00a0Technick\u00e1 univerzita v Liberci t\u00e9to mimo\u0159\u00e1dn\u00e9 \u017een\u011b ud\u011blila v roce 2013 \u010cestn\u00fd doktor\u00e1t za propagaci v\u011bdy a o rok pozd\u011bji p\u0159evzala\u00a0u p\u0159\u00edle\u017eitosti 28. \u0159\u00edjna medaili Za z\u00e1sluhy. V roce 2016 je ocen\u011bna i na Vysok\u00e9 \u0161kole b\u00e1\u0148sk\u00e9 v Ostrav\u011b. Dana Dr\u00e1bov\u00e1 se sta\u010dila, mimo\u00a0sv\u00e9 \u00fasp\u011b\u0161n\u00e9 v\u011bdeck\u00e9 kari\u00e9ry, zapojit i do politick\u00e9ho \u017eivota. Jak lok\u00e1ln\u00edho, tak region\u00e1ln\u00edho. Coby nestran\u00edk vstupuje do politiky v rodn\u00fdch Py\u0161el\u00edch. U\u017e v roce 1998 je zvolena do Zastupitelstva m\u011bsta. Kde je od roku 2010 m\u00edstostarostkou. Tuto funkci obh\u00e1jila i v listopadu roku 2014. Ve volb\u00e1ch v letech 2002 a 2006 jako nez\u00e1visl\u00e1 za SNK-ED a v n\u00e1sleduj\u00edc\u00edch 2010 a 2014 za uskupen\u00ed STAN. V krajsk\u00fdch volb\u00e1ch se jej\u00ed jm\u00e9no objevilo na druh\u00e9m m\u00edst\u011b kandid\u00e1tky ve St\u0159edo\u010desk\u00e9m kraji. A p\u0159esto\u017ee byla zvolena velk\u00fdm mno\u017estv\u00edm preferen\u010dn\u00edch hlas\u016f, na sv\u016fj mand\u00e1t rezignovala. Pro neslu\u010ditelnost funkce zastupitelsk\u00e9 s funkc\u00ed p\u0159edsedkyn\u011b \u00da\u0159adu pro jadernou bezpe\u010dnost. \u017divot t\u00e9to mimo\u0159\u00e1dn\u00e9 a moudr\u00e9 \u017eeny je napln\u011bn slu\u017ebou. Jak v oboru v\u011bdkyn\u011b a jadern\u00e9 in\u017een\u00fdrky, tak v z\u00e1slu\u017en\u00e9 pr\u00e1ci pro spoluob\u010dany. P\u0159i kter\u00e9 nikdy nelituje\u00a0osobn\u00edho \u010dasu a v\u011bnuje\u00a0se sv\u00e9mu posl\u00e1n\u00ed s \u010dist\u00fdm sv\u011bdom\u00edm. A\u00a0se srdcem na dlani. 3.1\/5 - (8 votes)","datePublished":"2022-05-21","dateModified":"2023-06-14","author":{"@type":"Person","@id":"https:\/\/www.ginko.cz\/author\/devene\/#Person","name":"devene","url":"https:\/\/www.ginko.cz\/author\/devene\/","identifier":1,"image":{"@type":"ImageObject","@id":"https:\/\/secure.gravatar.com\/avatar\/93f351f97d5e20a41105810347d62b8b573eebe9313df1f71432877ed17f5f1a?s=96&d=mm&r=g","url":"https:\/\/secure.gravatar.com\/avatar\/93f351f97d5e20a41105810347d62b8b573eebe9313df1f71432877ed17f5f1a?s=96&d=mm&r=g","height":96,"width":96}},"publisher":{"@type":"Organization","name":"ginko.cz","logo":{"@type":"ImageObject","@id":"\/logo.png","url":"\/logo.png","width":600,"height":60}},"image":{"@type":"ImageObject","@id":"https:\/\/www.ginko.cz\/wp-content\/uploads\/stock-exchange-g27ee02da7_640_1.jpg","url":"https:\/\/www.ginko.cz\/wp-content\/uploads\/stock-exchange-g27ee02da7_640_1.jpg","height":0,"width":0},"url":"https:\/\/www.ginko.cz\/dana-drabova\/","about":["\u017dena"],"wordCount":423,"articleBody":"Ing. Dana Dr\u00e1bov\u00e1, PhD., dr.h.c. mult. , \u010desk\u00e1 jadern\u00e1 in\u017een\u00fdrka se narodila 3. \u010dervna 1961 v Praze. Po absolvov\u00e1n\u00ed gymn\u00e1zia ve studiu pokra\u010dovala. V\u00a0letech 1980-1985 absolvovala Fakultu jadernou a fyzik\u00e1ln\u011b in\u017een\u00fdrskou \u010cVUT. V oboru dozimetrie a aplikaci ionizuj\u00edc\u00edho z\u00e1\u0159en\u00ed. Doktorsk\u00e9 studium v oboru jadern\u00e1 fyzika ukon\u010dila v roce 2000. Pot\u00e9 pracovala\u00a0ve funkci\u00a0\u0159editelky\u00a0St\u00e1tn\u00edho \u00fastavu radia\u010dn\u00ed ochrany a posl\u00e9ze byla\u00a0zvolena do \u010dela St\u00e1tn\u00edho \u00fa\u0159adu pro jadernou bezpe\u010dnost. V listopadu roku 2006 nastupuje na t\u0159i roky do funkce p\u0159edsedkyn\u011b\u00a0Asociace z\u00e1padoevropsk\u00fdch jadern\u00fdch dozor\u016f.Pro svoje pevn\u00e9 v\u011bdeck\u00e9 postoje se stala v sou\u010dasn\u00e9 dob\u011b jednou z nejuzn\u00e1van\u011bj\u0161\u00edch osobnost\u00ed. Kter\u00e1 \u010dasto p\u0159edn\u00e1\u0161\u00ed o nutnosti kritick\u00e9ho my\u0161len\u00ed a snaze co nejv\u011bt\u0161\u00edho pochopen\u00ed ve vztahu lid\u00ed nejen k p\u0159\u00edrod\u011b. Ale i k cel\u00e9mu sv\u011btu. Co\u017e p\u0159edev\u0161\u00edm mlad\u00ed lid\u00e9 mus\u00ed pochopit a p\u0159ijat za sv\u00e9.\u00a0Technick\u00e1 univerzita v Liberci t\u00e9to mimo\u0159\u00e1dn\u00e9 \u017een\u011b ud\u011blila v roce 2013 \u010cestn\u00fd doktor\u00e1t za propagaci v\u011bdy a o rok pozd\u011bji p\u0159evzala\u00a0u p\u0159\u00edle\u017eitosti 28. \u0159\u00edjna medaili Za z\u00e1sluhy. V roce 2016 je ocen\u011bna i na Vysok\u00e9 \u0161kole b\u00e1\u0148sk\u00e9 v Ostrav\u011b.Dana Dr\u00e1bov\u00e1 se sta\u010dila, mimo\u00a0sv\u00e9 \u00fasp\u011b\u0161n\u00e9 v\u011bdeck\u00e9 kari\u00e9ry, zapojit i do politick\u00e9ho \u017eivota. Jak lok\u00e1ln\u00edho, tak region\u00e1ln\u00edho. Coby nestran\u00edk vstupuje do politiky v rodn\u00fdch Py\u0161el\u00edch. U\u017e v roce 1998 je zvolena do Zastupitelstva m\u011bsta. Kde je od roku 2010 m\u00edstostarostkou. Tuto funkci obh\u00e1jila i v listopadu roku 2014. Ve volb\u00e1ch v letech 2002 a 2006 jako nez\u00e1visl\u00e1 za SNK-ED a v n\u00e1sleduj\u00edc\u00edch 2010 a 2014 za uskupen\u00ed STAN. V krajsk\u00fdch volb\u00e1ch se jej\u00ed jm\u00e9no objevilo na druh\u00e9m m\u00edst\u011b kandid\u00e1tky ve St\u0159edo\u010desk\u00e9m kraji. A p\u0159esto\u017ee byla zvolena velk\u00fdm mno\u017estv\u00edm preferen\u010dn\u00edch hlas\u016f, na sv\u016fj mand\u00e1t rezignovala. Pro neslu\u010ditelnost funkce zastupitelsk\u00e9 s funkc\u00ed p\u0159edsedkyn\u011b \u00da\u0159adu pro jadernou bezpe\u010dnost. \u017divot t\u00e9to mimo\u0159\u00e1dn\u00e9 a moudr\u00e9 \u017eeny je napln\u011bn slu\u017ebou. Jak v oboru v\u011bdkyn\u011b a jadern\u00e9 in\u017een\u00fdrky, tak v z\u00e1slu\u017en\u00e9 pr\u00e1ci pro spoluob\u010dany. P\u0159i kter\u00e9 nikdy nelituje\u00a0osobn\u00edho \u010dasu a v\u011bnuje\u00a0se sv\u00e9mu posl\u00e1n\u00ed s \u010dist\u00fdm sv\u011bdom\u00edm. A\u00a0se srdcem na dlani.                                                                                                                                                                                                                                                                                                                                                                                        3.1\/5 - (8 votes)        "},{"@context":"https:\/\/schema.org\/","@type":"BreadcrumbList","itemListElement":[{"@type":"ListItem","position":1,"name":"Dana Dr\u00e1bov\u00e1","item":"https:\/\/www.ginko.cz\/dana-drabova\/#breadcrumbitem"}]}]