[{"@context":"https:\/\/schema.org\/","@type":"Article","@id":"https:\/\/www.ginko.cz\/dovolena-v-zime\/#Article","mainEntityOfPage":"https:\/\/www.ginko.cz\/dovolena-v-zime\/","headline":"Dovolen\u00e1 v zim\u011b","name":"Dovolen\u00e1 v zim\u011b","description":"N\u011bkte\u0159\u00ed lid\u00e9 ji\u017e zjistili, \u017ee dovolen\u00e1 v\u00a0zimn\u00edm obdob\u00ed je mnohem levn\u011bj\u0161\u00ed, ne\u017e dovolen\u00e1 v\u00a0obdob\u00ed letn\u00edm. Je tomu opravdu tak. Pokud byste na takovou dovolenou v\u00a0zimn\u00edm obdob\u00ed cht\u011bli, pak bude pot\u0159eba hodn\u011b hledat, proto\u017ee jsou m\u00edsta, kde je teplo i v\u00a0dob\u011b, kdy je u n\u00e1s zima. \u010casto se jedn\u00e1 o r\u016fzn\u00e9 ostrovy, tak\u017ee pokud byste m\u011bli z\u00e1jem, ur\u010dit\u011b m\u016f\u017eete vycestovat. Dnes je to ale co se t\u00fdk\u00e1 financ\u00ed o n\u011bco slo\u017eit\u011bj\u0161\u00ed, proto\u017ee m\u00e1lokdo bude te\u010f cht\u00edt jet na dovolenou, vzhledem k\u00a0tomu, co se kolem n\u00e1s d\u011bje. Vliv m\u00e1 nejen v\u00e1lka, ale tak\u00e9 nemoci, se kter\u00fdmi se nyn\u00ed sv\u011bt pot\u00fdk\u00e1. Jsou ale lid\u00e9, kte\u0159\u00ed se neradi nech\u00e1vaj\u00ed n\u011bk\u00fdm omezovat a tak pojedou na dovolenou jak se jim zl\u00edb\u00ed. \u010clov\u011bk ale mus\u00ed pr\u00e1v\u011b d\u00edky tomu, co se v\u0161echno d\u011bje, po\u010d\u00edtat s\u00a0t\u00edm, \u017ee dostat se z\u00a0jedn\u00e9 destinace do druh\u00e9 bude o n\u011bco komplikovan\u011bj\u0161\u00ed, ne\u017e to bylo p\u0159edt\u00edm, ne\u017e se za\u010dal sv\u011bt pot\u00fdkat s\u00a0r\u016fzn\u00fdmi probl\u00e9my. Pokud se rozhodnete jet n\u011bkam na dovolenou, pak byste si to m\u011bli hlavn\u011b po\u0159\u00e1dn\u011b u\u017e\u00edt a na chv\u00edli si od v\u0161eho, co se kolem n\u00e1s d\u011bje, po\u0159\u00e1dn\u011b odpo\u010dinout. V\u011b\u0159te, \u017ee jsou m\u00edsta, kde se rozhodn\u011b nebudou \u0159e\u0161it nemoci nebo v\u00e1lka apod. N\u011bkter\u00e9 zem\u011b jsou naprosto neutr\u00e1ln\u00ed a to ve v\u0161em, tak\u017ee si skute\u010dn\u011b odpo\u010dinete a to od v\u0161eho. Na v\u00e1s bude hlavn\u011b to, abyste si vybrali m\u00edsto, kter\u00e9 budete pova\u017eovat za nejlep\u0161\u00ed. Ur\u010dit\u011b se nebojte ani vy vycestovat v\u00a0zim\u011b, proto\u017ee uvid\u00edte, \u017ee oproti letn\u00edmu obdob\u00ed v\u00e1s to nejen nebude st\u00e1t mnohem m\u00e9n\u011b, ale tak\u00e9 bude na dan\u00e9m m\u00edst\u011b mnohem v\u011bt\u0161\u00ed klid, proto\u017ee zde nebude tolik lid\u00ed. Pokud chcete vycestovat pr\u00e1v\u011b z\u00a0toho d\u016fvodu, abyste si kone\u010dn\u011b od v\u0161eho odpo\u010dinuli, pak v\u011b\u0159te, \u017ee zimn\u00ed obdob\u00ed pro v\u00e1s bude tou nejlep\u0161\u00ed volbou. V\u011b\u0159\u00edme, \u017ee i vy ud\u011bl\u00e1te dobr\u00e9 rozhodnut\u00ed, pokud se rozhodnete pro dovolenou na ostrov\u011b a to pr\u00e1v\u011b v\u00a0zimn\u00edm m\u011bs\u00edc\u00edch. M\u011bjte nap\u0159\u00edklad poprv\u00e9 V\u00e1noce jinak. Mo\u017en\u00e1, \u017ee si n\u011bco takov\u00e9ho obl\u00edb\u00edte. 3.7\/5 - (8 votes)","datePublished":"2022-07-23","dateModified":"2023-06-14","author":{"@type":"Person","@id":"https:\/\/www.ginko.cz\/author\/devene\/#Person","name":"devene","url":"https:\/\/www.ginko.cz\/author\/devene\/","identifier":1,"image":{"@type":"ImageObject","@id":"https:\/\/secure.gravatar.com\/avatar\/93f351f97d5e20a41105810347d62b8b573eebe9313df1f71432877ed17f5f1a?s=96&d=mm&r=g","url":"https:\/\/secure.gravatar.com\/avatar\/93f351f97d5e20a41105810347d62b8b573eebe9313df1f71432877ed17f5f1a?s=96&d=mm&r=g","height":96,"width":96}},"publisher":{"@type":"Organization","name":"ginko.cz","logo":{"@type":"ImageObject","@id":"\/logo.png","url":"\/logo.png","width":600,"height":60}},"image":{"@type":"ImageObject","@id":"https:\/\/www.ginko.cz\/wp-content\/uploads\/mo%C5%99e_6.JPG","url":"https:\/\/www.ginko.cz\/wp-content\/uploads\/mo%C5%99e_6.JPG","height":0,"width":0},"url":"https:\/\/www.ginko.cz\/dovolena-v-zime\/","about":["Dovolen\u00e1"],"wordCount":430,"articleBody":"N\u011bkte\u0159\u00ed lid\u00e9 ji\u017e zjistili, \u017ee dovolen\u00e1 v\u00a0zimn\u00edm obdob\u00ed je mnohem levn\u011bj\u0161\u00ed, ne\u017e dovolen\u00e1 v\u00a0obdob\u00ed letn\u00edm. Je tomu opravdu tak. Pokud byste na takovou dovolenou v\u00a0zimn\u00edm obdob\u00ed cht\u011bli, pak bude pot\u0159eba hodn\u011b hledat, proto\u017ee jsou m\u00edsta, kde je teplo i v\u00a0dob\u011b, kdy je u n\u00e1s zima. \u010casto se jedn\u00e1 o r\u016fzn\u00e9 ostrovy, tak\u017ee pokud byste m\u011bli z\u00e1jem, ur\u010dit\u011b m\u016f\u017eete vycestovat.Dnes je to ale co se t\u00fdk\u00e1 financ\u00ed o n\u011bco slo\u017eit\u011bj\u0161\u00ed, proto\u017ee m\u00e1lokdo bude te\u010f cht\u00edt jet na dovolenou, vzhledem k\u00a0tomu, co se kolem n\u00e1s d\u011bje. Vliv m\u00e1 nejen v\u00e1lka, ale tak\u00e9 nemoci, se kter\u00fdmi se nyn\u00ed sv\u011bt pot\u00fdk\u00e1. Jsou ale lid\u00e9, kte\u0159\u00ed se neradi nech\u00e1vaj\u00ed n\u011bk\u00fdm omezovat a tak pojedou na dovolenou jak se jim zl\u00edb\u00ed.\u010clov\u011bk ale mus\u00ed pr\u00e1v\u011b d\u00edky tomu, co se v\u0161echno d\u011bje, po\u010d\u00edtat s\u00a0t\u00edm, \u017ee dostat se z\u00a0jedn\u00e9 destinace do druh\u00e9 bude o n\u011bco komplikovan\u011bj\u0161\u00ed, ne\u017e to bylo p\u0159edt\u00edm, ne\u017e se za\u010dal sv\u011bt pot\u00fdkat s\u00a0r\u016fzn\u00fdmi probl\u00e9my.Pokud se rozhodnete jet n\u011bkam na dovolenou, pak byste si to m\u011bli hlavn\u011b po\u0159\u00e1dn\u011b u\u017e\u00edt a na chv\u00edli si od v\u0161eho, co se kolem n\u00e1s d\u011bje, po\u0159\u00e1dn\u011b odpo\u010dinout. V\u011b\u0159te, \u017ee jsou m\u00edsta, kde se rozhodn\u011b nebudou \u0159e\u0161it nemoci nebo v\u00e1lka apod. N\u011bkter\u00e9 zem\u011b jsou naprosto neutr\u00e1ln\u00ed a to ve v\u0161em, tak\u017ee si skute\u010dn\u011b odpo\u010dinete a to od v\u0161eho.Na v\u00e1s bude hlavn\u011b to, abyste si vybrali m\u00edsto, kter\u00e9 budete pova\u017eovat za nejlep\u0161\u00ed. Ur\u010dit\u011b se nebojte ani vy vycestovat v\u00a0zim\u011b, proto\u017ee uvid\u00edte, \u017ee oproti letn\u00edmu obdob\u00ed v\u00e1s to nejen nebude st\u00e1t mnohem m\u00e9n\u011b, ale tak\u00e9 bude na dan\u00e9m m\u00edst\u011b mnohem v\u011bt\u0161\u00ed klid, proto\u017ee zde nebude tolik lid\u00ed.Pokud chcete vycestovat pr\u00e1v\u011b z\u00a0toho d\u016fvodu, abyste si kone\u010dn\u011b od v\u0161eho odpo\u010dinuli, pak v\u011b\u0159te, \u017ee zimn\u00ed obdob\u00ed pro v\u00e1s bude tou nejlep\u0161\u00ed volbou.V\u011b\u0159\u00edme, \u017ee i vy ud\u011bl\u00e1te dobr\u00e9 rozhodnut\u00ed, pokud se rozhodnete pro dovolenou na ostrov\u011b a to pr\u00e1v\u011b v\u00a0zimn\u00edm m\u011bs\u00edc\u00edch. M\u011bjte nap\u0159\u00edklad poprv\u00e9 V\u00e1noce jinak. Mo\u017en\u00e1, \u017ee si n\u011bco takov\u00e9ho obl\u00edb\u00edte.                                                                                                                                                                                                                                                                                                                                                                                        3.7\/5 - (8 votes)        "},{"@context":"https:\/\/schema.org\/","@type":"BreadcrumbList","itemListElement":[{"@type":"ListItem","position":1,"name":"Dovolen\u00e1 v zim\u011b","item":"https:\/\/www.ginko.cz\/dovolena-v-zime\/#breadcrumbitem"}]}]