[{"@context":"https:\/\/schema.org\/","@type":"Article","@id":"https:\/\/www.ginko.cz\/nelamte-si-hlavu-s-ucetnictvim\/#Article","mainEntityOfPage":"https:\/\/www.ginko.cz\/nelamte-si-hlavu-s-ucetnictvim\/","headline":"Nelamte si hlavu s \u00fa\u010detnictv\u00edm","name":"Nelamte si hlavu s \u00fa\u010detnictv\u00edm","description":"Ka\u017ed\u00fd podnik a vlastn\u011b i ka\u017ed\u00fd n\u011bjak v\u00fdd\u011ble\u010dn\u011b \u010dinn\u00fd \u010dlov\u011bk mus\u00ed n\u011bjak\u00fdm zp\u016fsobem z\u00fa\u010dtovat s t\u00edm, \u010deho se mu dost\u00e1v\u00e1. Jakmile se n\u011bkde objev\u00ed nebo pro zm\u011bnu zmiz\u00ed, vyd\u011blaj\u00ed nebo utrat\u00ed n\u011bjak\u00e9 pen\u00edze, je t\u0159eba to vz\u00edt na v\u011bdom\u00ed, a nejen na v\u011bdom\u00ed. Proto\u017ee za pen\u00edze se \u017eije, jenom d\u00edky a kv\u016fli pen\u011bz\u016fm se pracuje i podnik\u00e1, a nelze tedy dopustit chyby, kv\u016fli kter\u00fdm by si n\u011bkdo svoji situaci zkomplikoval. Ov\u0161em ono v p\u0159\u00edpad\u011b firem nesta\u010d\u00ed jenom hl\u00eddat si p\u0159\u00edjmy a v\u00fddaje, aby se pokud mo\u017eno v\u017edycky vyd\u011blalo o dost v\u00edc, ne\u017e se utrat\u00ed. Tady je to komplikovan\u011bj\u0161\u00ed. Firmy si na sebe mus\u00ed nejen vyd\u011blat, ale tak\u00e9 se leckomu zodpov\u00eddaj\u00ed a leckomu odv\u00e1d\u011bj\u00ed p\u0159edepsanou \u010d\u00e1st ze sv\u00fdch p\u0159\u00edjm\u016f. V\u0161ichni t\u0159eba v\u00edme, \u017ee podniky plat\u00ed dan\u011b, odvody zdravotn\u00edm poji\u0161\u0165ovn\u00e1m a soci\u00e1ln\u00ed poji\u0161t\u011bn\u00ed. Ale to nemus\u00ed b\u00fdt je\u0161t\u011b ani zdaleka v\u0161echno. A v\u00edte vy, jak se takov\u00e9 odvody vypo\u010d\u00edt\u00e1vaj\u00ed a kdy a jak se plat\u00ed? Pokud jste jenom n\u011bjak\u00fdmi zam\u011bstnanci, nemus\u00ed v\u00e1s to moc tr\u00e1pit, ale podnikatel\u00e9 a firmy by to ur\u010dit\u011b v\u011bd\u011bt m\u011bli. Proto\u017ee kdyby se nezaplatilo n\u00e1le\u017eit\u00fdm zp\u016fsobem to, co se zaplatit m\u00e1, mohly by b\u00fdt po kdejak\u00e9 kontrole pot\u00ed\u017ee. A to nen\u00ed \u017e\u00e1dn\u00e1 legrace, proto\u017ee jak se v\u0161eobecn\u011b v\u00ed, dojel na dan\u011b t\u0159eba i s\u00e1m Al Capone. Kter\u00e9mu kdysi pro\u0161lo ledacos, ale tohle ne. A tak se mus\u00ed nejen \u00fasp\u011b\u0161n\u011b podnikat a vyd\u011bl\u00e1vat, ale tak\u00e9 \u00fa\u010dtovat a platit. A proto\u017ee je \u00fa\u010detnictv\u00ed pro kdekoho onou zn\u00e1mou \u0161pan\u011blskou vesnic\u00ed, \u010demu\u017e se v na\u0161\u00ed zemi vlastn\u011b ani nen\u00ed co divit, p\u0159ijde obvykle firm\u00e1m vhod, kdy\u017e si to mohou usnadnit a kdy\u017e za n\u011b veden\u00ed \u00fa\u010detnictv\u00ed Praha 9 ud\u011bl\u00e1 n\u011bkdo jin\u00fd. A to pochopiteln\u011b n\u011bkdo schopn\u00fd, kdo tomu rozum\u00ed. Proto\u017ee pak u\u017e si m\u016f\u017ee ka\u017ed\u00fd podnikatel a ka\u017ed\u00e1 firma jenom v klidu pracovat a starosti s ve\u0161kerou tou \u00fa\u010detn\u00ed byrokraci\u00ed hodit za hlavu. Pak u\u017e m\u016f\u017ee podnikatel \u010di firma d\u011blat to, od \u010deho tu je, a neztr\u00e1cet \u010das studov\u00e1n\u00edm paragraf\u016f a p\u0159epo\u010d\u00edt\u00e1v\u00e1n\u00edm v\u0161ech t\u011bch sv\u00fdch \u010d\u00edsel. Ve spolupr\u00e1ci s https:\/\/eurovat.info\/. 3.2\/5 - (5 votes)","datePublished":"2022-11-30","dateModified":"2023-06-14","author":{"@type":"Person","@id":"https:\/\/www.ginko.cz\/author\/devene\/#Person","name":"devene","url":"https:\/\/www.ginko.cz\/author\/devene\/","identifier":1,"image":{"@type":"ImageObject","@id":"https:\/\/secure.gravatar.com\/avatar\/93f351f97d5e20a41105810347d62b8b573eebe9313df1f71432877ed17f5f1a?s=96&d=mm&r=g","url":"https:\/\/secure.gravatar.com\/avatar\/93f351f97d5e20a41105810347d62b8b573eebe9313df1f71432877ed17f5f1a?s=96&d=mm&r=g","height":96,"width":96}},"publisher":{"@type":"Organization","name":"ginko.cz","logo":{"@type":"ImageObject","@id":"\/logo.png","url":"\/logo.png","width":600,"height":60}},"image":{"@type":"ImageObject","@id":"https:\/\/www.ginko.cz\/wp-content\/uploads\/us-dollar-462373_960_720.jpg","url":"https:\/\/www.ginko.cz\/wp-content\/uploads\/us-dollar-462373_960_720.jpg","height":0,"width":0},"url":"https:\/\/www.ginko.cz\/nelamte-si-hlavu-s-ucetnictvim\/","about":["Firmy"],"wordCount":446,"articleBody":"       Ka\u017ed\u00fd podnik a vlastn\u011b i ka\u017ed\u00fd n\u011bjak v\u00fdd\u011ble\u010dn\u011b \u010dinn\u00fd \u010dlov\u011bk mus\u00ed n\u011bjak\u00fdm zp\u016fsobem z\u00fa\u010dtovat s t\u00edm, \u010deho se mu dost\u00e1v\u00e1. Jakmile se n\u011bkde objev\u00ed nebo pro zm\u011bnu zmiz\u00ed, vyd\u011blaj\u00ed nebo utrat\u00ed n\u011bjak\u00e9 pen\u00edze, je t\u0159eba to vz\u00edt na v\u011bdom\u00ed, a nejen na v\u011bdom\u00ed. Proto\u017ee za pen\u00edze se \u017eije, jenom d\u00edky a kv\u016fli pen\u011bz\u016fm se pracuje i podnik\u00e1, a nelze tedy dopustit chyby, kv\u016fli kter\u00fdm by si n\u011bkdo svoji situaci zkomplikoval.  Ov\u0161em ono v p\u0159\u00edpad\u011b firem nesta\u010d\u00ed jenom hl\u00eddat si p\u0159\u00edjmy a v\u00fddaje, aby se pokud mo\u017eno v\u017edycky vyd\u011blalo o dost v\u00edc, ne\u017e se utrat\u00ed. Tady je to komplikovan\u011bj\u0161\u00ed. Firmy si na sebe mus\u00ed nejen vyd\u011blat, ale tak\u00e9 se leckomu zodpov\u00eddaj\u00ed a leckomu odv\u00e1d\u011bj\u00ed p\u0159edepsanou \u010d\u00e1st ze sv\u00fdch p\u0159\u00edjm\u016f. V\u0161ichni t\u0159eba v\u00edme, \u017ee podniky plat\u00ed dan\u011b, odvody zdravotn\u00edm poji\u0161\u0165ovn\u00e1m a soci\u00e1ln\u00ed poji\u0161t\u011bn\u00ed. Ale to nemus\u00ed b\u00fdt je\u0161t\u011b ani zdaleka v\u0161echno. A v\u00edte vy, jak se takov\u00e9 odvody vypo\u010d\u00edt\u00e1vaj\u00ed a kdy a jak se plat\u00ed? Pokud jste jenom n\u011bjak\u00fdmi zam\u011bstnanci, nemus\u00ed v\u00e1s to moc tr\u00e1pit, ale podnikatel\u00e9 a firmy by to ur\u010dit\u011b v\u011bd\u011bt m\u011bli. Proto\u017ee kdyby se nezaplatilo n\u00e1le\u017eit\u00fdm zp\u016fsobem to, co se zaplatit m\u00e1, mohly by b\u00fdt po kdejak\u00e9 kontrole pot\u00ed\u017ee. A to nen\u00ed \u017e\u00e1dn\u00e1 legrace, proto\u017ee jak se v\u0161eobecn\u011b v\u00ed, dojel na dan\u011b t\u0159eba i s\u00e1m Al Capone. Kter\u00e9mu kdysi pro\u0161lo ledacos, ale tohle ne.  A tak se mus\u00ed nejen \u00fasp\u011b\u0161n\u011b podnikat a vyd\u011bl\u00e1vat, ale tak\u00e9 \u00fa\u010dtovat a platit. A proto\u017ee je \u00fa\u010detnictv\u00ed pro kdekoho onou zn\u00e1mou \u0161pan\u011blskou vesnic\u00ed, \u010demu\u017e se v na\u0161\u00ed zemi vlastn\u011b ani nen\u00ed co divit, p\u0159ijde obvykle firm\u00e1m vhod, kdy\u017e si to mohou usnadnit a kdy\u017e za n\u011b veden\u00ed \u00fa\u010detnictv\u00ed Praha 9 ud\u011bl\u00e1 n\u011bkdo jin\u00fd. A to pochopiteln\u011b n\u011bkdo schopn\u00fd, kdo tomu rozum\u00ed. Proto\u017ee pak u\u017e si m\u016f\u017ee ka\u017ed\u00fd podnikatel a ka\u017ed\u00e1 firma jenom v klidu pracovat a starosti s ve\u0161kerou tou \u00fa\u010detn\u00ed byrokraci\u00ed hodit za hlavu. Pak u\u017e m\u016f\u017ee podnikatel \u010di firma d\u011blat to, od \u010deho tu je, a neztr\u00e1cet \u010das studov\u00e1n\u00edm paragraf\u016f a p\u0159epo\u010d\u00edt\u00e1v\u00e1n\u00edm v\u0161ech t\u011bch sv\u00fdch \u010d\u00edsel. Ve spolupr\u00e1ci s https:\/\/eurovat.info\/.                                                                                                                                                                                                                                                                                                                                                                                          3.2\/5 - (5 votes)        "},{"@context":"https:\/\/schema.org\/","@type":"BreadcrumbList","itemListElement":[{"@type":"ListItem","position":1,"name":"Nelamte si hlavu s \u00fa\u010detnictv\u00edm","item":"https:\/\/www.ginko.cz\/nelamte-si-hlavu-s-ucetnictvim\/#breadcrumbitem"}]}]