[{"@context":"https:\/\/schema.org\/","@type":"Article","@id":"https:\/\/www.ginko.cz\/oblibene-letni-kousky-na-leto\/#Article","mainEntityOfPage":"https:\/\/www.ginko.cz\/oblibene-letni-kousky-na-leto\/","headline":"Obl\u00edben\u00e9 letn\u00ed kousky na l\u00e9to","name":"Obl\u00edben\u00e9 letn\u00ed kousky na l\u00e9to","description":"Letn\u00ed obdob\u00ed si libuje v m\u00f3dn\u00ed oblasti ve v\u00fdrazn\u00fdch vzorech a mnoha barevn\u00fdch odst\u00ednech ji\u017e mnoho sez\u00f3n. A ono je to vlastn\u011b pot\u0159eba, po zim\u011b, kter\u00e1 je lad\u011bna sp\u00ed\u0161e do konzervativn\u011bj\u0161\u00edch barevn\u00fdch odst\u00edn\u016f a tmav\u00fdch barev s jednoduch\u00fdmi vzory. Co si ur\u010dit\u011b po\u0159\u00eddit do \u0161atn\u00edku, proto\u017ee takov\u00fd kousek m\u00e1 velkou \u0161anci st\u00e1t se va\u0161\u00edm letn\u00edm obl\u00edbencem? Na za\u010d\u00e1tku je nutn\u00e9 podotknout, \u017ee v l\u00e9t\u011b ocen\u00edte kousky z bavlny \u010di lnu, kter\u00e9 rozhodn\u011b nezp\u016fsob\u00ed, \u017ee se budete n\u011bjak v\u00fdrazn\u011bji potit pr\u00e1v\u011b kv\u016fli \u0161patn\u00e9mu materi\u00e1lu oble\u010den\u00ed. Dobr\u00e9 je tak\u00e9 s\u00e1hnout po pohodln\u00fdch st\u0159iz\u00edch, pokud mo\u017eno d\u00e1t pr\u016fchod sv\u00e9mu barevn\u00e9mu j\u00e1 a pustit se do v\u00fdb\u011bru samotn\u00e9ho \u0161atn\u00edku. Prvn\u00edm tipem a s\u00e1zkou na jistotu jsou v l\u00e9t\u011b rozhodn\u011b \u0161aty. \u0160aty vyu\u017eijete v\u017edy a v\u0161ude, v z\u00e1vislosti na jejich stylu a st\u0159ihu je m\u016f\u017eete nosit jak do pr\u00e1ce v kancel\u00e1\u0159i, tak na letn\u00ed odpoledne u baz\u00e9nu. Zoufat nemus\u00ed ani \u017eeny kyp\u0159ej\u0161\u00edch tvar\u016f, pro ty je ale lep\u0161\u00ed s\u00e1hnout po letn\u00edch dlouh\u00fdch \u0161atech pro plno\u0161t\u00edhl\u00e9 , kter\u00e9 skryj\u00ed problematick\u00e9 partie, ale zajist\u00ed, \u017ee budete st\u00e1le p\u016fsobit \u017eensky. A vzhledem k tomu, jak sv\u00edt\u00ed slunce a po cel\u00fd den panuj\u00ed vysok\u00e9 teploty, asi v\u00edte, co pr\u00e1v\u011b te\u010f chceme doporu\u010dit. Ano, je to pokr\u00fdvka hlavy. Mo\u017en\u00e1 v\u00e1m nevyhovuj\u00ed a nosit je nechcete, ale pokud najdete pro sebe tu pravou, objev\u00edte jejich kouzlo a mnoha nov\u011b nakoupen\u00fdch kousk\u016f se v \u0161atn\u00edku jen tak nezbav\u00edte. Otev\u0159en\u00e9 boty by v l\u00e9t\u011b m\u011bly m\u00edt p\u0159ednost p\u0159ed t\u011bmi s uzav\u0159enou \u0161pi\u010dkou, a to tak\u00e9 ze zdravotn\u00edho hlediska. N\u011bkdy se t\u011bm uzav\u0159en\u00fdm ani p\u0159es v\u0161echny snahy ale bohu\u017eel vyhnout nelze. Naprosto nevhodn\u00e9 jsou ale na ulici \u017eabky, ty si nechte tak akor\u00e1t k baz\u00e9nu. A nakonec, co by bylo l\u00e9to bez m\u00f3dn\u00edch dopl\u0148k\u016f? Takov\u00e1 kabelka, do kter\u00e9 se v\u00e1m vleze nejen n\u011bkolik m\u00e1lo v\u011bc\u00ed, ale tak\u00e9 l\u00e1hev s n\u00e1pojem k dodr\u017eov\u00e1n\u00ed pitn\u00e9ho re\u017eimu by m\u011bla b\u00fdt samoz\u0159ejmost\u00ed. Igelitovou ta\u0161ku s sebou ale zase nosit nemus\u00edte. Tak si za\u010dn\u011bte u\u017e\u00edvat letn\u00ed nakupov\u00e1n\u00edm ji\u017e te\u010f a a\u0165 m\u00e1te p\u0159i v\u00fdb\u011bru nov\u00fdch kousk\u016f \u0161\u0165astnou ruku! 3.9\/5 - (9 votes)","datePublished":"2022-12-25","dateModified":"2023-06-14","author":{"@type":"Person","@id":"https:\/\/www.ginko.cz\/author\/devene\/#Person","name":"devene","url":"https:\/\/www.ginko.cz\/author\/devene\/","identifier":1,"image":{"@type":"ImageObject","@id":"https:\/\/secure.gravatar.com\/avatar\/93f351f97d5e20a41105810347d62b8b573eebe9313df1f71432877ed17f5f1a?s=96&d=mm&r=g","url":"https:\/\/secure.gravatar.com\/avatar\/93f351f97d5e20a41105810347d62b8b573eebe9313df1f71432877ed17f5f1a?s=96&d=mm&r=g","height":96,"width":96}},"publisher":{"@type":"Organization","name":"ginko.cz","logo":{"@type":"ImageObject","@id":"\/logo.png","url":"\/logo.png","width":600,"height":60}},"image":{"@type":"ImageObject","@id":"https:\/\/www.ginko.cz\/wp-content\/uploads\/holiday-4369987__480.jpg","url":"https:\/\/www.ginko.cz\/wp-content\/uploads\/holiday-4369987__480.jpg","height":0,"width":0},"url":"https:\/\/www.ginko.cz\/oblibene-letni-kousky-na-leto\/","about":["N\u00e1kupy"],"wordCount":458,"articleBody":"   Letn\u00ed obdob\u00ed si libuje v m\u00f3dn\u00ed oblasti ve v\u00fdrazn\u00fdch vzorech a mnoha barevn\u00fdch odst\u00ednech ji\u017e mnoho sez\u00f3n. A ono je to vlastn\u011b pot\u0159eba, po zim\u011b, kter\u00e1 je lad\u011bna sp\u00ed\u0161e do konzervativn\u011bj\u0161\u00edch barevn\u00fdch odst\u00edn\u016f a tmav\u00fdch barev s jednoduch\u00fdmi vzory. Co si ur\u010dit\u011b po\u0159\u00eddit do \u0161atn\u00edku, proto\u017ee takov\u00fd kousek m\u00e1 velkou \u0161anci st\u00e1t se va\u0161\u00edm letn\u00edm obl\u00edbencem? Na za\u010d\u00e1tku je nutn\u00e9 podotknout, \u017ee v l\u00e9t\u011b ocen\u00edte kousky z bavlny \u010di lnu, kter\u00e9 rozhodn\u011b nezp\u016fsob\u00ed, \u017ee se budete n\u011bjak v\u00fdrazn\u011bji potit pr\u00e1v\u011b kv\u016fli \u0161patn\u00e9mu materi\u00e1lu oble\u010den\u00ed. Dobr\u00e9 je tak\u00e9 s\u00e1hnout po pohodln\u00fdch st\u0159iz\u00edch, pokud mo\u017eno d\u00e1t pr\u016fchod sv\u00e9mu barevn\u00e9mu j\u00e1 a pustit se do v\u00fdb\u011bru samotn\u00e9ho \u0161atn\u00edku. Prvn\u00edm tipem a s\u00e1zkou na jistotu jsou v l\u00e9t\u011b rozhodn\u011b \u0161aty. \u0160aty vyu\u017eijete v\u017edy a v\u0161ude, v z\u00e1vislosti na jejich stylu a st\u0159ihu je m\u016f\u017eete nosit jak do pr\u00e1ce v kancel\u00e1\u0159i, tak na letn\u00ed odpoledne u baz\u00e9nu. Zoufat nemus\u00ed ani \u017eeny kyp\u0159ej\u0161\u00edch tvar\u016f, pro ty je ale lep\u0161\u00ed s\u00e1hnout po letn\u00edch dlouh\u00fdch \u0161atech pro plno\u0161t\u00edhl\u00e9 , kter\u00e9 skryj\u00ed problematick\u00e9 partie, ale zajist\u00ed, \u017ee budete st\u00e1le p\u016fsobit \u017eensky. A vzhledem k tomu, jak sv\u00edt\u00ed slunce a po cel\u00fd den panuj\u00ed vysok\u00e9 teploty, asi v\u00edte, co pr\u00e1v\u011b te\u010f chceme doporu\u010dit. Ano, je to pokr\u00fdvka hlavy. Mo\u017en\u00e1 v\u00e1m nevyhovuj\u00ed a nosit je nechcete, ale pokud najdete pro sebe tu pravou, objev\u00edte jejich kouzlo a mnoha nov\u011b nakoupen\u00fdch kousk\u016f se v \u0161atn\u00edku jen tak nezbav\u00edte. Otev\u0159en\u00e9 boty by v l\u00e9t\u011b m\u011bly m\u00edt p\u0159ednost p\u0159ed t\u011bmi s uzav\u0159enou \u0161pi\u010dkou, a to tak\u00e9 ze zdravotn\u00edho hlediska. N\u011bkdy se t\u011bm uzav\u0159en\u00fdm ani p\u0159es v\u0161echny snahy ale bohu\u017eel vyhnout nelze. Naprosto nevhodn\u00e9 jsou ale na ulici \u017eabky, ty si nechte tak akor\u00e1t k baz\u00e9nu. A nakonec, co by bylo l\u00e9to bez m\u00f3dn\u00edch dopl\u0148k\u016f? Takov\u00e1 kabelka, do kter\u00e9 se v\u00e1m vleze nejen n\u011bkolik m\u00e1lo v\u011bc\u00ed, ale tak\u00e9 l\u00e1hev s n\u00e1pojem k dodr\u017eov\u00e1n\u00ed pitn\u00e9ho re\u017eimu by m\u011bla b\u00fdt samoz\u0159ejmost\u00ed. Igelitovou ta\u0161ku s sebou ale zase nosit nemus\u00edte. Tak si za\u010dn\u011bte u\u017e\u00edvat letn\u00ed nakupov\u00e1n\u00edm ji\u017e te\u010f a a\u0165 m\u00e1te p\u0159i v\u00fdb\u011bru nov\u00fdch kousk\u016f \u0161\u0165astnou ruku!                                                                                                                                                                                                                                                                                                                                                                                          3.9\/5 - (9 votes)        "},{"@context":"https:\/\/schema.org\/","@type":"BreadcrumbList","itemListElement":[{"@type":"ListItem","position":1,"name":"Obl\u00edben\u00e9 letn\u00ed kousky na l\u00e9to","item":"https:\/\/www.ginko.cz\/oblibene-letni-kousky-na-leto\/#breadcrumbitem"}]}]