[{"@context":"https:\/\/schema.org\/","@type":"Article","@id":"https:\/\/www.ginko.cz\/pronajem-party-stanu-vam-umozni-usporadat-venkovni-akci-za-kazdeho-pocasi\/#Article","mainEntityOfPage":"https:\/\/www.ginko.cz\/pronajem-party-stanu-vam-umozni-usporadat-venkovni-akci-za-kazdeho-pocasi\/","headline":"Pron\u00e1jem p\u00e1rty stan\u016f V\u00e1m umo\u017en\u00ed uspo\u0159\u00e1dat venkovn\u00ed akci za ka\u017ed\u00e9ho po\u010das\u00ed","name":"Pron\u00e1jem p\u00e1rty stan\u016f V\u00e1m umo\u017en\u00ed uspo\u0159\u00e1dat venkovn\u00ed akci za ka\u017ed\u00e9ho po\u010das\u00ed","description":"Skv\u011blou akci u\u017e V\u00e1m nepokaz\u00ed nep\u0159\u00edzniv\u00e9 po\u010das\u00ed. To \u010dlov\u011bk prost\u011b nenapl\u00e1nuje a neovlivn\u00ed. V\u0161echno ostatn\u00ed se ovlivnit d\u00e1, ale letn\u00ed bou\u0159ku neodvr\u00e1t\u00edte a nep\u0159\u00edjemn\u00fd v\u00edtr si s V\u00e1mi taky pohraje. Mus\u00edte se sna\u017eit takov\u00fdm situac\u00edm p\u0159edch\u00e1zet a rad\u011bji si v\u010das p\u016fj\u010dit vhodn\u00fd p\u0159\u00edst\u0159e\u0161ek, kter\u00fd V\u00e1s p\u0159ed kapkami de\u0161t\u011b spolehliv\u011b ochr\u00e1n\u00ed. Zaru\u010den\u011b ho vyu\u017eijete i za slunn\u00e9ho dne, kdy pozvan\u00ed host\u00e9 ocen\u00ed alespo\u0148 trochu st\u00ednu a chladu. Spousta j\u00eddla a pit\u00ed, \u010derstv\u00fd venkovn\u00ed vzduch, skv\u011bl\u00e1 hudba a v\u0161ichni Va\u0161i kamar\u00e1di Uveden\u00fd seznam zaru\u010den\u011b dokonale vystihuje Va\u0161i zahradn\u00ed akci, kterou pravideln\u011b ka\u017ed\u00fd rok po\u0159\u00e1d\u00e1te u V\u00e1s doma. Letos m\u00e1te pozvan\u00e9 skoro v\u0161echny Va\u0161e kamar\u00e1dy. Dokonce skoro v\u0161ichni potvrdili svoji \u00fa\u010dast. Zaru\u010den\u011b to bude op\u011bt velkolep\u00e9 a \u00fa\u017easn\u00e9. Kvalitn\u00ed j\u00eddlo a pit\u00ed je z\u00e1klad. Neobejdete se v\u0161ak ani bez skv\u011bl\u00e9 hudby. Je\u0161t\u011b by to cht\u011blo jednoho pomocn\u00edka. Po\u010das\u00ed \u010dlov\u011bk nenapl\u00e1nuje a n\u011bjak\u00fd kvalitn\u00ed p\u0159\u00edst\u0159e\u0161ek by se hodil. M\u00e1te pocit, \u017ee V\u00e1\u0161 mal\u00fd slune\u010dn\u00edk nejsp\u00ed\u0161 nebude sta\u010dit. Pron\u00e1jem p\u00e1rty stan\u016f V\u00e1s zachr\u00e1n\u00ed. Ur\u010dit\u011b zde najdete p\u0159esn\u011b to, co hled\u00e1te. 3.4\/5 - (9 votes)","datePublished":"2023-11-01","dateModified":"2023-11-01","author":{"@type":"Person","@id":"https:\/\/www.ginko.cz\/author\/devene\/#Person","name":"devene","url":"https:\/\/www.ginko.cz\/author\/devene\/","identifier":1,"image":{"@type":"ImageObject","@id":"https:\/\/secure.gravatar.com\/avatar\/93f351f97d5e20a41105810347d62b8b573eebe9313df1f71432877ed17f5f1a?s=96&d=mm&r=g","url":"https:\/\/secure.gravatar.com\/avatar\/93f351f97d5e20a41105810347d62b8b573eebe9313df1f71432877ed17f5f1a?s=96&d=mm&r=g","height":96,"width":96}},"publisher":{"@type":"Organization","name":"ginko.cz","logo":{"@type":"ImageObject","@id":"\/logo.png","url":"\/logo.png","width":600,"height":60}},"url":"https:\/\/www.ginko.cz\/pronajem-party-stanu-vam-umozni-usporadat-venkovni-akci-za-kazdeho-pocasi\/","wordCount":244,"articleBody":"Skv\u011blou akci u\u017e V\u00e1m nepokaz\u00ed nep\u0159\u00edzniv\u00e9 po\u010das\u00ed. To \u010dlov\u011bk prost\u011b nenapl\u00e1nuje a neovlivn\u00ed. V\u0161echno ostatn\u00ed se ovlivnit d\u00e1, ale letn\u00ed bou\u0159ku neodvr\u00e1t\u00edte a nep\u0159\u00edjemn\u00fd v\u00edtr si s V\u00e1mi taky pohraje. Mus\u00edte se sna\u017eit takov\u00fdm situac\u00edm p\u0159edch\u00e1zet a rad\u011bji si v\u010das p\u016fj\u010dit vhodn\u00fd p\u0159\u00edst\u0159e\u0161ek, kter\u00fd V\u00e1s p\u0159ed kapkami de\u0161t\u011b spolehliv\u011b ochr\u00e1n\u00ed. Zaru\u010den\u011b ho vyu\u017eijete i za slunn\u00e9ho dne, kdy pozvan\u00ed host\u00e9 ocen\u00ed alespo\u0148 trochu st\u00ednu a chladu.Spousta j\u00eddla a pit\u00ed, \u010derstv\u00fd venkovn\u00ed vzduch, skv\u011bl\u00e1 hudba a v\u0161ichni Va\u0161i kamar\u00e1diUveden\u00fd seznam zaru\u010den\u011b dokonale vystihuje Va\u0161i zahradn\u00ed akci, kterou pravideln\u011b ka\u017ed\u00fd rok po\u0159\u00e1d\u00e1te u V\u00e1s doma. Letos m\u00e1te pozvan\u00e9 skoro v\u0161echny Va\u0161e kamar\u00e1dy. Dokonce skoro v\u0161ichni potvrdili svoji \u00fa\u010dast. Zaru\u010den\u011b to bude op\u011bt velkolep\u00e9 a \u00fa\u017easn\u00e9. Kvalitn\u00ed j\u00eddlo a pit\u00ed je z\u00e1klad. Neobejdete se v\u0161ak ani bez skv\u011bl\u00e9 hudby. Je\u0161t\u011b by to cht\u011blo jednoho pomocn\u00edka. Po\u010das\u00ed \u010dlov\u011bk nenapl\u00e1nuje a n\u011bjak\u00fd kvalitn\u00ed p\u0159\u00edst\u0159e\u0161ek by se hodil. M\u00e1te pocit, \u017ee V\u00e1\u0161 mal\u00fd slune\u010dn\u00edk nejsp\u00ed\u0161 nebude sta\u010dit. Pron\u00e1jem p\u00e1rty stan\u016f V\u00e1s zachr\u00e1n\u00ed. Ur\u010dit\u011b zde najdete p\u0159esn\u011b to, co hled\u00e1te.                                                                                                                                                                                                                                                                                                                                                                                        3.4\/5 - (9 votes)        "},{"@context":"https:\/\/schema.org\/","@type":"BreadcrumbList","itemListElement":[{"@type":"ListItem","position":1,"name":"Pron\u00e1jem p\u00e1rty stan\u016f V\u00e1m umo\u017en\u00ed uspo\u0159\u00e1dat venkovn\u00ed akci za ka\u017ed\u00e9ho po\u010das\u00ed","item":"https:\/\/www.ginko.cz\/pronajem-party-stanu-vam-umozni-usporadat-venkovni-akci-za-kazdeho-pocasi\/#breadcrumbitem"}]}]