[{"@context":"https:\/\/schema.org\/","@type":"Article","@id":"https:\/\/www.ginko.cz\/skvela-moda\/#Article","mainEntityOfPage":"https:\/\/www.ginko.cz\/skvela-moda\/","headline":"Skv\u011bl\u00e1 m\u00f3da","name":"Skv\u011bl\u00e1 m\u00f3da","description":"V\u017edycky jsem m\u011bla hodn\u011b r\u00e1da boty a v\u0161elijak\u00e9 m\u00f3dn\u00ed dopl\u0148ky. Jsem \u017eena, tak to asi dok\u00e1\u017ee jist\u011b ka\u017ed\u00fd pochopit. Hlavn\u011b ostatn\u00ed \u017eeny.\u00a0Nav\u00edc\u00a0jsem taky vyr\u016fstala v rodin\u011b, kde si \u017eeny opravdu na sebe d\u00e1valy z\u00e1le\u017eet. Opravdu v\u0161echny \u017eeny z na\u0161\u00ed rodiny chodily pravideln\u011b ke kosmeti\u010dce a taky ke kade\u0159nici. A co teprve nakupov\u00e1n\u00ed oble\u010den\u00ed a dal\u0161\u00edch m\u00f3dn\u00edch dopl\u0148k\u016f. M\u00f3da m\u011b absolutn\u011b bavila. Taky jsem si kupovala r\u016fzn\u00e9 m\u00f3dn\u00ed \u010dasopisy. A nejv\u011bt\u0161\u00ed n\u00e1\u0161 \u00fasp\u011bch byl, kdy\u017e jsem s maminkou a sestrou byla na m\u00f3dn\u00ed p\u0159ehl\u00eddce ve Francii. Mus\u00edm \u0159\u00edct, \u017ee to byl opravdu nezapomenuteln\u00fd z\u00e1\u017eitek, na kter\u00fd pak nikdy nezapomenu. A byla tam takov\u00e1 atmosf\u00e9ra a vybran\u00e1 spole\u010dnost, \u017ee si to \u010dlov\u011bk ani nedok\u00e1\u017ee p\u0159edstavit. A mn\u011b se to l\u00edbilo a j\u00e1 jenom douf\u00e1m, \u017ee se tam je\u0161t\u011b na n\u011bjakou m\u00f3dn\u00ed p\u0159ehl\u00eddku pod\u00edv\u00e1m znova. A byli jste u\u017e n\u011bkdy na n\u011bjak\u00e9 m\u00f3dn\u00ed p\u0159ehl\u00eddce? J\u00e1 toti\u017e moc lid\u00ed nezn\u00e1m, kte\u0159\u00ed by tam byli T\u0159eba z m\u00fdch bl\u00edzk\u00fdch tam v\u016fbec nebyl nikdo. Ale to nevad\u00ed. R\u00e1da si o t\u00e9 m\u00f3dn\u00ed p\u0159ehl\u00eddce st\u00e1le pov\u00edd\u00e1m s mou sestrou, proto\u017ee m\u00e1me se st\u00e1le o \u010dem bavit.\u00a0 Proto\u017e\u00a0se sestrou m\u00e1me opravdu takov\u00e9 z\u00e1liby, \u017ee se k sob\u011b hod\u00edme a v\u017edycky si s n\u011b\u010d\u00edm pom\u016f\u017eeme. Se sestrou a s maminkou si taky vych\u00e1z\u00edme vst\u0159\u00edc. Proto\u017ee otec od n\u00e1s ode\u0161el, kdy\u017e jsem se sestrou byla mal\u00e1, tak\u017ee jsme si hodn\u011b rozum\u011bly a jsem byly jsme tady jedna pro druhou. Opravdu jsme si pom\u00e1haly ve v\u0161em. A nyn\u00ed, kdy\u017e jsem dosp\u011bl\u00e1, tak nakupujeme m\u00f3dn\u00ed dopl\u0148ky a dal\u0161\u00ed m\u00f3du spolu. Je to opravdu z\u00e1\u017eitek, kdy\u017e si takhle matka a dcery rozum\u00ed. Je toti\u017e bohu\u017eel dost rodin, kde si\u00a0rodina mezi\u00a0sebou\u00a0nerozum\u00ed\u00a0a m\u011b je to pak hodn\u011b l\u00edto. V\u017edy\u0165 rodina je jenom jedna a\u00a0mysl\u00edm\u00a0si, \u017ee by rodina spolu m\u011bla dr\u017eet v\u017edycky. V\u017edy\u0165 n\u00e1kupy m\u00f3dn\u00edch novinek se sestrou je bo\u017e\u00ed! A bav\u00ed v\u00e1s taky n\u00e1kupy? A co nakupujete nejrad\u011bji? J\u00e1 nejrad\u011bji nakupuji samoz\u0159ejm\u011b\u00a0boty a parf\u00e9my. 4.2\/5 - (12 votes)","datePublished":"2022-04-22","dateModified":"2023-06-14","author":{"@type":"Person","@id":"https:\/\/www.ginko.cz\/author\/devene\/#Person","name":"devene","url":"https:\/\/www.ginko.cz\/author\/devene\/","identifier":1,"image":{"@type":"ImageObject","@id":"https:\/\/secure.gravatar.com\/avatar\/93f351f97d5e20a41105810347d62b8b573eebe9313df1f71432877ed17f5f1a?s=96&d=mm&r=g","url":"https:\/\/secure.gravatar.com\/avatar\/93f351f97d5e20a41105810347d62b8b573eebe9313df1f71432877ed17f5f1a?s=96&d=mm&r=g","height":96,"width":96}},"publisher":{"@type":"Organization","name":"ginko.cz","logo":{"@type":"ImageObject","@id":"\/logo.png","url":"\/logo.png","width":600,"height":60}},"image":{"@type":"ImageObject","@id":"https:\/\/www.ginko.cz\/wp-content\/uploads\/fashion-3059143_960_720_1.jpg","url":"https:\/\/www.ginko.cz\/wp-content\/uploads\/fashion-3059143_960_720_1.jpg","height":0,"width":0},"url":"https:\/\/www.ginko.cz\/skvela-moda\/","about":["M\u00f3da"],"wordCount":426,"articleBody":"V\u017edycky jsem m\u011bla hodn\u011b r\u00e1da boty a v\u0161elijak\u00e9 m\u00f3dn\u00ed dopl\u0148ky. Jsem \u017eena, tak to asi dok\u00e1\u017ee jist\u011b ka\u017ed\u00fd pochopit. Hlavn\u011b ostatn\u00ed \u017eeny.\u00a0Nav\u00edc\u00a0jsem taky vyr\u016fstala v rodin\u011b, kde si \u017eeny opravdu na sebe d\u00e1valy z\u00e1le\u017eet. Opravdu v\u0161echny \u017eeny z na\u0161\u00ed rodiny chodily pravideln\u011b ke kosmeti\u010dce a taky ke kade\u0159nici. A co teprve nakupov\u00e1n\u00ed oble\u010den\u00ed a dal\u0161\u00edch m\u00f3dn\u00edch dopl\u0148k\u016f. M\u00f3da m\u011b absolutn\u011b bavila. Taky jsem si kupovala r\u016fzn\u00e9 m\u00f3dn\u00ed \u010dasopisy. A nejv\u011bt\u0161\u00ed n\u00e1\u0161 \u00fasp\u011bch byl, kdy\u017e jsem s maminkou a sestrou byla na m\u00f3dn\u00ed p\u0159ehl\u00eddce ve Francii. Mus\u00edm \u0159\u00edct, \u017ee to byl opravdu nezapomenuteln\u00fd z\u00e1\u017eitek, na kter\u00fd pak nikdy nezapomenu. A byla tam takov\u00e1 atmosf\u00e9ra a vybran\u00e1 spole\u010dnost, \u017ee si to \u010dlov\u011bk ani nedok\u00e1\u017ee p\u0159edstavit. A mn\u011b se to l\u00edbilo a j\u00e1 jenom douf\u00e1m, \u017ee se tam je\u0161t\u011b na n\u011bjakou m\u00f3dn\u00ed p\u0159ehl\u00eddku pod\u00edv\u00e1m znova. A byli jste u\u017e n\u011bkdy na n\u011bjak\u00e9 m\u00f3dn\u00ed p\u0159ehl\u00eddce? J\u00e1 toti\u017e moc lid\u00ed nezn\u00e1m, kte\u0159\u00ed by tam byli T\u0159eba z m\u00fdch bl\u00edzk\u00fdch tam v\u016fbec nebyl nikdo. Ale to nevad\u00ed. R\u00e1da si o t\u00e9 m\u00f3dn\u00ed p\u0159ehl\u00eddce st\u00e1le pov\u00edd\u00e1m s mou sestrou, proto\u017ee m\u00e1me se st\u00e1le o \u010dem bavit.\u00a0Proto\u017e\u00a0se sestrou m\u00e1me opravdu takov\u00e9 z\u00e1liby, \u017ee se k sob\u011b hod\u00edme a v\u017edycky si s n\u011b\u010d\u00edm pom\u016f\u017eeme. Se sestrou a s maminkou si taky vych\u00e1z\u00edme vst\u0159\u00edc. Proto\u017ee otec od n\u00e1s ode\u0161el, kdy\u017e jsem se sestrou byla mal\u00e1, tak\u017ee jsme si hodn\u011b rozum\u011bly a jsem byly jsme tady jedna pro druhou. Opravdu jsme si pom\u00e1haly ve v\u0161em. A nyn\u00ed, kdy\u017e jsem dosp\u011bl\u00e1, tak nakupujeme m\u00f3dn\u00ed dopl\u0148ky a dal\u0161\u00ed m\u00f3du spolu. Je to opravdu z\u00e1\u017eitek, kdy\u017e si takhle matka a dcery rozum\u00ed. Je toti\u017e bohu\u017eel dost rodin, kde si\u00a0rodina mezi\u00a0sebou\u00a0nerozum\u00ed\u00a0a m\u011b je to pak hodn\u011b l\u00edto. V\u017edy\u0165 rodina je jenom jedna a\u00a0mysl\u00edm\u00a0si, \u017ee by rodina spolu m\u011bla dr\u017eet v\u017edycky. V\u017edy\u0165 n\u00e1kupy m\u00f3dn\u00edch novinek se sestrou je bo\u017e\u00ed! A bav\u00ed v\u00e1s taky n\u00e1kupy? A co nakupujete nejrad\u011bji? J\u00e1 nejrad\u011bji nakupuji samoz\u0159ejm\u011b\u00a0boty a parf\u00e9my.                                                                                                                                                                                                                                                                                                                                                                                        4.2\/5 - (12 votes)        "},{"@context":"https:\/\/schema.org\/","@type":"BreadcrumbList","itemListElement":[{"@type":"ListItem","position":1,"name":"Skv\u011bl\u00e1 m\u00f3da","item":"https:\/\/www.ginko.cz\/skvela-moda\/#breadcrumbitem"}]}]