[{"@context":"https:\/\/schema.org\/","@type":"Article","@id":"https:\/\/www.ginko.cz\/vyklizime-byt-s-pronajatym-privesem-behem-par-hodin\/#Article","mainEntityOfPage":"https:\/\/www.ginko.cz\/vyklizime-byt-s-pronajatym-privesem-behem-par-hodin\/","headline":"Vykl\u00edz\u00edme byt s pronajat\u00fdm p\u0159\u00edv\u011bsem b\u011bhem p\u00e1r hodin","name":"Vykl\u00edz\u00edme byt s pronajat\u00fdm p\u0159\u00edv\u011bsem b\u011bhem p\u00e1r hodin","description":"Ta\u017en\u00e9 za\u0159\u00edzen\u00ed na Fabii 1 si lid\u00e9 po\u0159izuj\u00ed pro n\u00e1kupy v\u011bt\u0161\u00edho spot\u0159ebn\u00edho zbo\u017e\u00ed nap\u0159. v hobby marketech \u010di obchodech s elektronikou, pro cestov\u00e1n\u00ed s karavanem, anebo pro st\u011bhov\u00e1n\u00ed. Dal\u0161\u00ed mo\u017enost\u00ed, jak vyu\u017e\u00edt toto \u0161ikovn\u00e9 p\u0159\u00edslu\u0161enstv\u00ed, jsou vykl\u00edzec\u00ed a \u00faklidov\u00e9 pr\u00e1ce. V \u017eivot\u011b se dost\u00e1v\u00e1me mnohdy neo\u010dek\u00e1van\u011b i do situac\u00ed, kdy mus\u00edme \u0159e\u0161it t\u0159\u00edd\u011bn\u00ed osobn\u00edch v\u011bc\u00ed nebo vybaven\u00ed d\u00edlny, gar\u00e1\u017ee a zahradnick\u00e9ho n\u00e1\u0159ad\u00ed. Mo\u017en\u00e1, \u017ee i vy jste docela ned\u00e1vno t\u0159\u00eddili sv\u00e9 oble\u010den\u00ed a obuv s v\u011bdom\u00edm, \u017ee vy\u0159ad\u00edte, co nebudete u\u017e nosit, co nab\u00eddnete p\u0159\u00e1tel\u016fm a co vyhod\u00edte. Takov\u00fd komplexn\u00ed \u00faklid m\u00e1 \u010das od \u010dasu obrovsk\u00fd v\u00fdznam, proto\u017ee z\u00edsk\u00e1te p\u0159ehled o sv\u00fdch v\u011bcech a hlavn\u011b budete m\u00edt jasno v tom, zda nepot\u0159ebujete nov\u00e9 kalhoty, sportovn\u00ed tepl\u00e1ky atd. Prob\u00edrka sk\u0159\u00edn\u011b v\u00e1s n\u011bkdy p\u0159ekvap\u00ed s t\u00edm, \u017ee n\u011bkter\u00e9 od\u011bvy neobl\u00e9knete, proto\u017ee jste p\u0159ibrali, anebo naopak jsou v\u00e1m p\u0159\u00edli\u0161 voln\u00e9, kdy\u017e jste shazovali nadv\u00e1hu. Podobn\u00e9 to m\u016f\u017ee b\u00fdt i s obuv\u00ed a dal\u0161\u00edmi p\u0159edm\u011bty v dom\u00e1cnosti, n\u011bco se n\u00e1m zkr\u00e1tka pln\u011b neosv\u011bd\u010dilo a chcete se toho zbavit, nejl\u00e9pe vy\u0159azen\u00e9 v\u011bci n\u011bkomu nab\u00eddnout anebo to odv\u00e9zt na sb\u011brn\u00fd dv\u016fr. M\u016f\u017eete se pak p\u0159istihnout, \u017ee jste zaplnili cel\u00fd n\u00e1kladn\u00ed p\u0159\u00edv\u011bs, a \u017ee je tedy vhodn\u00fd \u010das jej zap\u0159\u00e1hnout https:\/\/www.youtube.com\/watch%3Fv%3DFlQkCljTChc za kouli a vypr\u00e1zdnit na sb\u011brn\u00e9m dvo\u0159e a podobn\u00e9m m\u00edst\u011b, kde se lid\u00e9 zbavuj\u00ed p\u0159edm\u011bt\u016f, kter\u00e9 se nevejdou do kontejner\u016f s komun\u00e1ln\u00edm odpadem. V\u00fdhodou vlastn\u00edho ta\u017en\u00e9ho za\u0159\u00edzen\u00ed je zejm\u00e9na jeho operativnost. Nepot\u0159ebujete se spol\u00e9hat na ciz\u00ed osoby, pouze v p\u0159\u00edpad\u011b, \u017ee si pronaj\u00edm\u00e1te p\u0159\u00edv\u011bs, ov\u0161em t\u011bchto slu\u017eeb je cel\u00e1 \u0159ada a nav\u00edc v\u00e1m p\u0159\u00edv\u011bs m\u016f\u017ee p\u016fj\u010dit n\u011bkdo z p\u0159\u00edbuzenstva nebo z va\u0161ich zn\u00e1m\u00fdch. J\u00edzda s p\u0159\u00edv\u011bsem nevy\u017eaduje \u017e\u00e1dn\u00e9 \u201emistrovstv\u00ed\u201c, pouze byste m\u011bli p\u0159i nakl\u00e1d\u00e1n\u00ed p\u0159edm\u011bt\u016f za\u010d\u00edt t\u011bmi nejv\u011bt\u0161\u00edmi a nejt\u011b\u017e\u0161\u00edmi a pokl\u00e1dat je co nejbl\u00ed\u017ee sm\u011brem k vozidlu. Pokud to ud\u011bl\u00e1te obr\u00e1cen\u011b, voz\u00edk se m\u016f\u017ee na silnici st\u00e1t h\u016f\u0159e ovladateln\u00fdm a m\u016f\u017ee zavinit i z\u00e1va\u017enou dopravn\u00ed nehodu. 4.8\/5 - (6 votes)","datePublished":"2022-07-15","dateModified":"2023-06-14","author":{"@type":"Person","@id":"https:\/\/www.ginko.cz\/author\/devene\/#Person","name":"devene","url":"https:\/\/www.ginko.cz\/author\/devene\/","identifier":1,"image":{"@type":"ImageObject","@id":"https:\/\/secure.gravatar.com\/avatar\/93f351f97d5e20a41105810347d62b8b573eebe9313df1f71432877ed17f5f1a?s=96&d=mm&r=g","url":"https:\/\/secure.gravatar.com\/avatar\/93f351f97d5e20a41105810347d62b8b573eebe9313df1f71432877ed17f5f1a?s=96&d=mm&r=g","height":96,"width":96}},"publisher":{"@type":"Organization","name":"ginko.cz","logo":{"@type":"ImageObject","@id":"\/logo.png","url":"\/logo.png","width":600,"height":60}},"image":{"@type":"ImageObject","@id":"https:\/\/www.ginko.cz\/wp-content\/uploads\/clutch-3691709_640_10_3.jpg","url":"https:\/\/www.ginko.cz\/wp-content\/uploads\/clutch-3691709_640_10_3.jpg","height":0,"width":0},"url":"https:\/\/www.ginko.cz\/vyklizime-byt-s-pronajatym-privesem-behem-par-hodin\/","wordCount":467,"articleBody":"   Ta\u017en\u00e9 za\u0159\u00edzen\u00ed na Fabii 1 si lid\u00e9 po\u0159izuj\u00ed pro n\u00e1kupy v\u011bt\u0161\u00edho spot\u0159ebn\u00edho zbo\u017e\u00ed nap\u0159. v hobby marketech \u010di obchodech s elektronikou, pro cestov\u00e1n\u00ed s karavanem, anebo pro st\u011bhov\u00e1n\u00ed. Dal\u0161\u00ed mo\u017enost\u00ed, jak vyu\u017e\u00edt toto \u0161ikovn\u00e9 p\u0159\u00edslu\u0161enstv\u00ed, jsou vykl\u00edzec\u00ed a \u00faklidov\u00e9 pr\u00e1ce.V \u017eivot\u011b se dost\u00e1v\u00e1me mnohdy neo\u010dek\u00e1van\u011b i do situac\u00ed, kdy mus\u00edme \u0159e\u0161it t\u0159\u00edd\u011bn\u00ed osobn\u00edch v\u011bc\u00ed nebo vybaven\u00ed d\u00edlny, gar\u00e1\u017ee a zahradnick\u00e9ho n\u00e1\u0159ad\u00ed. Mo\u017en\u00e1, \u017ee i vy jste docela ned\u00e1vno t\u0159\u00eddili sv\u00e9 oble\u010den\u00ed a obuv s v\u011bdom\u00edm, \u017ee vy\u0159ad\u00edte, co nebudete u\u017e nosit, co nab\u00eddnete p\u0159\u00e1tel\u016fm a co vyhod\u00edte. Takov\u00fd komplexn\u00ed \u00faklid m\u00e1 \u010das od \u010dasu obrovsk\u00fd v\u00fdznam, proto\u017ee z\u00edsk\u00e1te p\u0159ehled o sv\u00fdch v\u011bcech a hlavn\u011b budete m\u00edt jasno v tom, zda nepot\u0159ebujete nov\u00e9 kalhoty, sportovn\u00ed tepl\u00e1ky atd. Prob\u00edrka sk\u0159\u00edn\u011b v\u00e1s n\u011bkdy p\u0159ekvap\u00ed s t\u00edm, \u017ee n\u011bkter\u00e9 od\u011bvy neobl\u00e9knete, proto\u017ee jste p\u0159ibrali, anebo naopak jsou v\u00e1m p\u0159\u00edli\u0161 voln\u00e9, kdy\u017e jste shazovali nadv\u00e1hu.Podobn\u00e9 to m\u016f\u017ee b\u00fdt i s obuv\u00ed a dal\u0161\u00edmi p\u0159edm\u011bty v dom\u00e1cnosti, n\u011bco se n\u00e1m zkr\u00e1tka pln\u011b neosv\u011bd\u010dilo a chcete se toho zbavit, nejl\u00e9pe vy\u0159azen\u00e9 v\u011bci n\u011bkomu nab\u00eddnout anebo to odv\u00e9zt na sb\u011brn\u00fd dv\u016fr. M\u016f\u017eete se pak p\u0159istihnout, \u017ee jste zaplnili cel\u00fd n\u00e1kladn\u00ed p\u0159\u00edv\u011bs, a \u017ee je tedy vhodn\u00fd \u010das jej zap\u0159\u00e1hnout  https:\/\/www.youtube.com\/watch%3Fv%3DFlQkCljTChc za kouli a vypr\u00e1zdnit na sb\u011brn\u00e9m dvo\u0159e a podobn\u00e9m m\u00edst\u011b, kde se lid\u00e9 zbavuj\u00ed p\u0159edm\u011bt\u016f, kter\u00e9 se nevejdou do kontejner\u016f s komun\u00e1ln\u00edm odpadem.V\u00fdhodou vlastn\u00edho ta\u017en\u00e9ho za\u0159\u00edzen\u00ed je zejm\u00e9na jeho operativnost. Nepot\u0159ebujete se spol\u00e9hat na ciz\u00ed osoby, pouze v p\u0159\u00edpad\u011b, \u017ee si pronaj\u00edm\u00e1te p\u0159\u00edv\u011bs, ov\u0161em t\u011bchto slu\u017eeb je cel\u00e1 \u0159ada a nav\u00edc v\u00e1m p\u0159\u00edv\u011bs m\u016f\u017ee p\u016fj\u010dit n\u011bkdo z p\u0159\u00edbuzenstva nebo z va\u0161ich zn\u00e1m\u00fdch. J\u00edzda s p\u0159\u00edv\u011bsem nevy\u017eaduje \u017e\u00e1dn\u00e9 \u201emistrovstv\u00ed\u201c, pouze byste m\u011bli p\u0159i nakl\u00e1d\u00e1n\u00ed p\u0159edm\u011bt\u016f za\u010d\u00edt t\u011bmi nejv\u011bt\u0161\u00edmi a nejt\u011b\u017e\u0161\u00edmi a pokl\u00e1dat je co nejbl\u00ed\u017ee sm\u011brem k vozidlu. Pokud to ud\u011bl\u00e1te obr\u00e1cen\u011b, voz\u00edk se m\u016f\u017ee na silnici st\u00e1t h\u016f\u0159e ovladateln\u00fdm a m\u016f\u017ee zavinit i z\u00e1va\u017enou dopravn\u00ed nehodu.                                                                                                                                                                                                                                                                                                                                                                                          4.8\/5 - (6 votes)        "},{"@context":"https:\/\/schema.org\/","@type":"BreadcrumbList","itemListElement":[{"@type":"ListItem","position":1,"name":"Vykl\u00edz\u00edme byt s pronajat\u00fdm p\u0159\u00edv\u011bsem b\u011bhem p\u00e1r hodin","item":"https:\/\/www.ginko.cz\/vyklizime-byt-s-pronajatym-privesem-behem-par-hodin\/#breadcrumbitem"}]}]